{"id":616,"date":"2016-08-11T16:18:21","date_gmt":"2016-08-11T14:18:21","guid":{"rendered":"http:\/\/editions-sillage.fr\/?p=616"},"modified":"2025-09-19T18:18:54","modified_gmt":"2025-09-19T16:18:54","slug":"9782951862470-le-miroir-de-la-mer-joseph-conrad","status":"publish","type":"post","link":"https:\/\/editions-sillage.fr\/?p=616","title":{"rendered":"Joseph Conrad, Le Miroir de la mer"},"content":{"rendered":"<p style=\"text-align: justify;\"><a href=\"https:\/\/editions-sillage.fr\/wp-content\/uploads\/2016\/08\/Conrad_miroir_mer.jpg\"><img loading=\"lazy\" decoding=\"async\" class=\"alignright wp-image-1918 size-medium\" src=\"https:\/\/editions-sillage.fr\/wp-content\/uploads\/2016\/08\/Conrad_miroir_mer-210x300.jpg\" alt=\"\" width=\"210\" height=\"300\" srcset=\"https:\/\/editions-sillage.fr\/wp-content\/uploads\/2016\/08\/Conrad_miroir_mer-210x300.jpg 210w, https:\/\/editions-sillage.fr\/wp-content\/uploads\/2016\/08\/Conrad_miroir_mer-150x214.jpg 150w, https:\/\/editions-sillage.fr\/wp-content\/uploads\/2016\/08\/Conrad_miroir_mer-718x1024.jpg 718w, https:\/\/editions-sillage.fr\/wp-content\/uploads\/2016\/08\/Conrad_miroir_mer-105x150.jpg 105w, https:\/\/editions-sillage.fr\/wp-content\/uploads\/2016\/08\/Conrad_miroir_mer.jpg 750w\" sizes=\"auto, (max-width: 210px) 100vw, 210px\" \/><\/a>Plus de quinze ans apr\u00e8s avoir fait ses adieux \u00e0 la vie de marin, Joseph Conrad \u00e9voque dans <i>Le Miroir de la mer<\/i> les \u00e9v\u00e9nements et les figures qui ont marqu\u00e9 ses jeunes ann\u00e9es. Il rend l\u00e0 un \u00e9mouvant hommage aux hommes de la mer ; ils devaient jusqu\u2019\u00e0 sa mort nourrir son imaginaire d\u2019\u00e9crivain.<\/p>\n","protected":false},"excerpt":{"rendered":"<p>Plus de quinze ans apr\u00e8s avoir fait ses adieux \u00e0 la vie de marin, Joseph Conrad \u00e9voque dans Le Miroir de la mer les \u00e9v\u00e9nements et les figures qui ont marqu\u00e9 ses jeunes ann\u00e9es. Il rend l\u00e0 un \u00e9mouvant hommage aux hommes de la mer ; ils devaient jusqu\u2019\u00e0 sa mort nourrir son imaginaire d\u2019\u00e9crivain.<\/p>\n","protected":false},"author":1,"featured_media":0,"comment_status":"closed","ping_status":"closed","sticky":false,"template":"","format":"standard","meta":{"footnotes":""},"categories":[67],"tags":[13],"class_list":["post-616","post","type-post","status-publish","format-standard","hentry","category-conrad-joseph","tag-anglo-saxon"],"_links":{"self":[{"href":"https:\/\/editions-sillage.fr\/index.php?rest_route=\/wp\/v2\/posts\/616","targetHints":{"allow":["GET"]}}],"collection":[{"href":"https:\/\/editions-sillage.fr\/index.php?rest_route=\/wp\/v2\/posts"}],"about":[{"href":"https:\/\/editions-sillage.fr\/index.php?rest_route=\/wp\/v2\/types\/post"}],"author":[{"embeddable":true,"href":"https:\/\/editions-sillage.fr\/index.php?rest_route=\/wp\/v2\/users\/1"}],"replies":[{"embeddable":true,"href":"https:\/\/editions-sillage.fr\/index.php?rest_route=%2Fwp%2Fv2%2Fcomments&post=616"}],"version-history":[{"count":4,"href":"https:\/\/editions-sillage.fr\/index.php?rest_route=\/wp\/v2\/posts\/616\/revisions"}],"predecessor-version":[{"id":2939,"href":"https:\/\/editions-sillage.fr\/index.php?rest_route=\/wp\/v2\/posts\/616\/revisions\/2939"}],"wp:attachment":[{"href":"https:\/\/editions-sillage.fr\/index.php?rest_route=%2Fwp%2Fv2%2Fmedia&parent=616"}],"wp:term":[{"taxonomy":"category","embeddable":true,"href":"https:\/\/editions-sillage.fr\/index.php?rest_route=%2Fwp%2Fv2%2Fcategories&post=616"},{"taxonomy":"post_tag","embeddable":true,"href":"https:\/\/editions-sillage.fr\/index.php?rest_route=%2Fwp%2Fv2%2Ftags&post=616"}],"curies":[{"name":"wp","href":"https:\/\/api.w.org\/{rel}","templated":true}]}}