{"id":584,"date":"2016-08-11T13:43:13","date_gmt":"2016-08-11T11:43:13","guid":{"rendered":"http:\/\/editions-sillage.fr\/?p=584"},"modified":"2025-09-05T14:18:18","modified_gmt":"2025-09-05T12:18:18","slug":"9782916266428-le-perce-oreille-du-luxembourg-andre-baillon","status":"publish","type":"post","link":"https:\/\/editions-sillage.fr\/?p=584","title":{"rendered":"Andr\u00e9 Baillon, Le Perce-oreille du Luxembourg"},"content":{"rendered":"<div class=\"textecourantjustif\">\n<p style=\"text-align: justify;\"><i><a href=\"https:\/\/editions-sillage.fr\/wp-content\/uploads\/2016\/08\/Baillon_perce_oreille_luxembourg.jpg\"><img loading=\"lazy\" decoding=\"async\" class=\"alignright wp-image-1887 size-medium\" src=\"https:\/\/editions-sillage.fr\/wp-content\/uploads\/2016\/08\/Baillon_perce_oreille_luxembourg-210x300.jpg\" alt=\"\" width=\"210\" height=\"300\" srcset=\"https:\/\/editions-sillage.fr\/wp-content\/uploads\/2016\/08\/Baillon_perce_oreille_luxembourg-210x300.jpg 210w, https:\/\/editions-sillage.fr\/wp-content\/uploads\/2016\/08\/Baillon_perce_oreille_luxembourg-150x214.jpg 150w, https:\/\/editions-sillage.fr\/wp-content\/uploads\/2016\/08\/Baillon_perce_oreille_luxembourg-718x1024.jpg 718w, https:\/\/editions-sillage.fr\/wp-content\/uploads\/2016\/08\/Baillon_perce_oreille_luxembourg-105x150.jpg 105w, https:\/\/editions-sillage.fr\/wp-content\/uploads\/2016\/08\/Baillon_perce_oreille_luxembourg.jpg 750w\" sizes=\"auto, (max-width: 210px) 100vw, 210px\" \/><\/a>Le Perce-oreille du Luxembourg<\/i> est l\u2019autobiographie d\u2019un jeune homme qu\u2019on vient d\u2019enfermer dans un asile. Comment d\u00e9m\u00ealer l\u2019entrelacs des angoisses, des scrupules, des vertiges qui l\u2019ont men\u00e9 o\u00f9 il se trouve\u00a0? Est-il sans signification qu\u2019un des sympt\u00f4mes de son mal consiste \u00e0 s\u2019enfoncer volontairement le doigt dans l\u2019\u0153il, au risque de se blesser\u00a0? \u00c9motions adolescentes, \u00e9tudes avort\u00e9es, premi\u00e8res amours, amiti\u00e9s ambivalentes, tout semble peu \u00e0 peu s\u2019organiser pour rendre in\u00e9vitable le naufrage, en d\u00e9pit de la lucidit\u00e9 et de l\u2019ironie dont il peut faire preuve.<\/p>\n<p style=\"text-align: justify;\"><i>N\u00e9 \u00e0 Anvers en 1875, Andr\u00e9 Baillon se lance dans une carri\u00e8re chaotique de journaliste et d\u2019\u00e9crivain apr\u00e8s avoir dissip\u00e9 l\u2019h\u00e9ritage paternel. Une vie sentimentale complexe, des difficult\u00e9s mat\u00e9rielles, des ann\u00e9es de surmenage et une lutte permanente contre la folie auront raison de ses nerfs\u00a0; il se donne la mort en 1932. <\/i><\/p>\n<\/div>\n","protected":false},"excerpt":{"rendered":"<p>Le Perce-oreille du Luxembourg est l\u2019autobiographie d\u2019un jeune homme qu\u2019on vient d\u2019enfermer dans un asile. Comment d\u00e9m\u00ealer l\u2019entrelacs des angoisses, des scrupules, des vertiges qui l\u2019ont men\u00e9 o\u00f9 il se trouve\u00a0? Est-il sans signification qu\u2019un des sympt\u00f4mes de son mal consiste \u00e0 s\u2019enfoncer volontairement le doigt dans l\u2019\u0153il, au risque de se blesser\u00a0? \u00c9motions adolescentes, [&hellip;]<\/p>\n","protected":false},"author":1,"featured_media":0,"comment_status":"closed","ping_status":"closed","sticky":false,"template":"","format":"standard","meta":{"footnotes":""},"categories":[104],"tags":[9],"class_list":["post-584","post","type-post","status-publish","format-standard","hentry","category-baillon-andre","tag-domaine-francais"],"_links":{"self":[{"href":"https:\/\/editions-sillage.fr\/index.php?rest_route=\/wp\/v2\/posts\/584","targetHints":{"allow":["GET"]}}],"collection":[{"href":"https:\/\/editions-sillage.fr\/index.php?rest_route=\/wp\/v2\/posts"}],"about":[{"href":"https:\/\/editions-sillage.fr\/index.php?rest_route=\/wp\/v2\/types\/post"}],"author":[{"embeddable":true,"href":"https:\/\/editions-sillage.fr\/index.php?rest_route=\/wp\/v2\/users\/1"}],"replies":[{"embeddable":true,"href":"https:\/\/editions-sillage.fr\/index.php?rest_route=%2Fwp%2Fv2%2Fcomments&post=584"}],"version-history":[{"count":4,"href":"https:\/\/editions-sillage.fr\/index.php?rest_route=\/wp\/v2\/posts\/584\/revisions"}],"predecessor-version":[{"id":2996,"href":"https:\/\/editions-sillage.fr\/index.php?rest_route=\/wp\/v2\/posts\/584\/revisions\/2996"}],"wp:attachment":[{"href":"https:\/\/editions-sillage.fr\/index.php?rest_route=%2Fwp%2Fv2%2Fmedia&parent=584"}],"wp:term":[{"taxonomy":"category","embeddable":true,"href":"https:\/\/editions-sillage.fr\/index.php?rest_route=%2Fwp%2Fv2%2Fcategories&post=584"},{"taxonomy":"post_tag","embeddable":true,"href":"https:\/\/editions-sillage.fr\/index.php?rest_route=%2Fwp%2Fv2%2Ftags&post=584"}],"curies":[{"name":"wp","href":"https:\/\/api.w.org\/{rel}","templated":true}]}}