{"id":545,"date":"2016-08-10T18:47:31","date_gmt":"2016-08-10T16:47:31","guid":{"rendered":"http:\/\/editions-sillage.fr\/?p=545"},"modified":"2025-09-05T14:14:18","modified_gmt":"2025-09-05T12:14:18","slug":"9782916266664-le-marchand-de-lodz-adolf-rudnicki","status":"publish","type":"post","link":"https:\/\/editions-sillage.fr\/?p=545","title":{"rendered":"Adolf Rudnicki, Le Marchand de Lodz et autres r\u00e9cits"},"content":{"rendered":"<div class=\"textecourantjustif\">\n<p style=\"text-align: justify;\"><a href=\"https:\/\/editions-sillage.fr\/wp-content\/uploads\/2016\/08\/Rudnicki_marchand_lodz.jpg\"><img loading=\"lazy\" decoding=\"async\" class=\"alignright wp-image-1965 size-medium\" src=\"https:\/\/editions-sillage.fr\/wp-content\/uploads\/2016\/08\/Rudnicki_marchand_lodz-210x300.jpg\" alt=\"\" width=\"210\" height=\"300\" \/><\/a>En 1942, les nazis bouclent le ghetto de Lodz. Nul ne sait pourquoi ils d\u00e9cident alors d\u2019y nommer un chef, un empereur d\u2019op\u00e9rette, choisi parmi les anciens du ghetto. Ce <i>Marchand de Lodz<\/i>, l\u00e2che, obtus, m\u00e9galomane, prendra sa fonction au s\u00e9rieux, \u00e0 tel point qu\u2019il deviendra tr\u00e8s vite le pire ennemi de ses compagnons d\u2019infortune\u2026<\/p>\n<p style=\"text-align: justify;\"><i>Adolf Rudnicki (1912-1990) est un des grands \u00e9crivains polonais de ce si\u00e8cle. Jeune auteur reconnu quand \u00e9clate la Seconde Guerre mondiale, il parvient \u00e0 \u00e9chapper aux nazis tout en restant en Pologne et participe \u00e0 l\u2019insurrection de Varsovie. Auteur de nouvelles et de chroniques \u2013 avec notamment <\/i>Les Fen\u00eatres d\u2019or <i>\u2013 il est rapidement en d\u00e9licatesse avec la censure communiste et vit en exil en France de nombreuses ann\u00e9es. Il meurt \u00e0 Varsovie en 1990.<\/i><\/p>\n<\/div>\n","protected":false},"excerpt":{"rendered":"<p>En 1942, les nazis bouclent le ghetto de Lodz. Nul ne sait pourquoi ils d\u00e9cident alors d\u2019y nommer un chef, un empereur d\u2019op\u00e9rette, choisi parmi les anciens du ghetto. Ce Marchand de Lodz, l\u00e2che, obtus, m\u00e9galomane, prendra sa fonction au s\u00e9rieux, \u00e0 tel point qu\u2019il deviendra tr\u00e8s vite le pire ennemi de ses compagnons d\u2019infortune\u2026 [&hellip;]<\/p>\n","protected":false},"author":1,"featured_media":0,"comment_status":"closed","ping_status":"closed","sticky":false,"template":"","format":"standard","meta":{"footnotes":""},"categories":[91],"tags":[46],"class_list":["post-545","post","type-post","status-publish","format-standard","hentry","category-rudnicki-adolf","tag-europe-centrale"],"_links":{"self":[{"href":"https:\/\/editions-sillage.fr\/index.php?rest_route=\/wp\/v2\/posts\/545","targetHints":{"allow":["GET"]}}],"collection":[{"href":"https:\/\/editions-sillage.fr\/index.php?rest_route=\/wp\/v2\/posts"}],"about":[{"href":"https:\/\/editions-sillage.fr\/index.php?rest_route=\/wp\/v2\/types\/post"}],"author":[{"embeddable":true,"href":"https:\/\/editions-sillage.fr\/index.php?rest_route=\/wp\/v2\/users\/1"}],"replies":[{"embeddable":true,"href":"https:\/\/editions-sillage.fr\/index.php?rest_route=%2Fwp%2Fv2%2Fcomments&post=545"}],"version-history":[{"count":4,"href":"https:\/\/editions-sillage.fr\/index.php?rest_route=\/wp\/v2\/posts\/545\/revisions"}],"predecessor-version":[{"id":3063,"href":"https:\/\/editions-sillage.fr\/index.php?rest_route=\/wp\/v2\/posts\/545\/revisions\/3063"}],"wp:attachment":[{"href":"https:\/\/editions-sillage.fr\/index.php?rest_route=%2Fwp%2Fv2%2Fmedia&parent=545"}],"wp:term":[{"taxonomy":"category","embeddable":true,"href":"https:\/\/editions-sillage.fr\/index.php?rest_route=%2Fwp%2Fv2%2Fcategories&post=545"},{"taxonomy":"post_tag","embeddable":true,"href":"https:\/\/editions-sillage.fr\/index.php?rest_route=%2Fwp%2Fv2%2Ftags&post=545"}],"curies":[{"name":"wp","href":"https:\/\/api.w.org\/{rel}","templated":true}]}}