{"id":527,"date":"2016-08-10T18:20:14","date_gmt":"2016-08-10T16:20:14","guid":{"rendered":"http:\/\/editions-sillage.fr\/?p=527"},"modified":"2025-09-05T14:13:28","modified_gmt":"2025-09-05T12:13:28","slug":"9782916266763-les-fenetres-d-or-adolf-rudnicki","status":"publish","type":"post","link":"https:\/\/editions-sillage.fr\/?p=527","title":{"rendered":"Adolf Rudnicki, Les Fen\u00eatres d\u2019or"},"content":{"rendered":"<div class=\"textecourantjustif\">\n<p style=\"text-align: justify;\"><a href=\"https:\/\/editions-sillage.fr\/wp-content\/uploads\/2016\/08\/rudnicki-OK.jpg\"><img loading=\"lazy\" decoding=\"async\" class=\"alignright wp-image-2126 size-medium\" src=\"https:\/\/editions-sillage.fr\/wp-content\/uploads\/2016\/08\/rudnicki-OK-210x300.jpg\" alt=\"\" width=\"210\" height=\"300\" srcset=\"https:\/\/editions-sillage.fr\/wp-content\/uploads\/2016\/08\/rudnicki-OK-210x300.jpg 210w, https:\/\/editions-sillage.fr\/wp-content\/uploads\/2016\/08\/rudnicki-OK-150x214.jpg 150w, https:\/\/editions-sillage.fr\/wp-content\/uploads\/2016\/08\/rudnicki-OK-717x1024.jpg 717w, https:\/\/editions-sillage.fr\/wp-content\/uploads\/2016\/08\/rudnicki-OK-105x150.jpg 105w, https:\/\/editions-sillage.fr\/wp-content\/uploads\/2016\/08\/rudnicki-OK.jpg 749w\" sizes=\"auto, (max-width: 210px) 100vw, 210px\" \/><\/a>Au d\u00e9but de l\u2019ann\u00e9e 1943, dans le ghetto de Varsovie, des mouvements de r\u00e9sistance prennent les armes pour s\u2019opposer aux rafles qui ont d\u00e9j\u00e0 envoy\u00e9 des centaines de milliers de personnes dans les camps nazis. Au mois d\u2019avril, les SS d\u00e9cident d\u2019en finir et rentrent en force dans le ghetto. Un mois de combats acharn\u00e9s s\u2019ensuivra, \u00e0 l\u2019issue duquel le ghetto ne sera plus qu\u2019un vaste champ de ruines, au coeur de Varsovie.<\/p>\n<p style=\"text-align: justify;\">Parmi les immeubles en flammes, des hommes luttent d\u00e9sesp\u00e9r\u00e9ment pour trouver le moyen d\u2019\u00e9chapper \u00e0 l\u2019apocalypse. D\u2019autres ont choisi de rester pour mourir l\u2019arme \u00e0 la main, d\u2019autres encore sont venus de l\u2019ext\u00e9rieur, parce qu\u2019une force en eux les obligeait \u00e0 le faire.<\/p>\n<p style=\"text-align: justify;\"><i>Les Fen\u00eatres d\u2019or <\/i>est sans doute le chef-d\u2019\u0153uvre d\u2019Adolf Rudnicki (1912-1990), l\u2019un des grands \u00e9crivains polonais de ce si\u00e8cle, survivant de la r\u00e9sistance juive polonaise au nazisme.<\/p>\n<\/div>\n","protected":false},"excerpt":{"rendered":"<p>Au d\u00e9but de l\u2019ann\u00e9e 1943, dans le ghetto de Varsovie, des mouvements de r\u00e9sistance prennent les armes pour s\u2019opposer aux rafles qui ont d\u00e9j\u00e0 envoy\u00e9 des centaines de milliers de personnes dans les camps nazis. Au mois d\u2019avril, les SS d\u00e9cident d\u2019en finir et rentrent en force dans le ghetto. Un mois de combats acharn\u00e9s [&hellip;]<\/p>\n","protected":false},"author":1,"featured_media":0,"comment_status":"closed","ping_status":"closed","sticky":false,"template":"","format":"standard","meta":{"footnotes":""},"categories":[91],"tags":[46],"class_list":["post-527","post","type-post","status-publish","format-standard","hentry","category-rudnicki-adolf","tag-europe-centrale"],"_links":{"self":[{"href":"https:\/\/editions-sillage.fr\/index.php?rest_route=\/wp\/v2\/posts\/527","targetHints":{"allow":["GET"]}}],"collection":[{"href":"https:\/\/editions-sillage.fr\/index.php?rest_route=\/wp\/v2\/posts"}],"about":[{"href":"https:\/\/editions-sillage.fr\/index.php?rest_route=\/wp\/v2\/types\/post"}],"author":[{"embeddable":true,"href":"https:\/\/editions-sillage.fr\/index.php?rest_route=\/wp\/v2\/users\/1"}],"replies":[{"embeddable":true,"href":"https:\/\/editions-sillage.fr\/index.php?rest_route=%2Fwp%2Fv2%2Fcomments&post=527"}],"version-history":[{"count":4,"href":"https:\/\/editions-sillage.fr\/index.php?rest_route=\/wp\/v2\/posts\/527\/revisions"}],"predecessor-version":[{"id":3064,"href":"https:\/\/editions-sillage.fr\/index.php?rest_route=\/wp\/v2\/posts\/527\/revisions\/3064"}],"wp:attachment":[{"href":"https:\/\/editions-sillage.fr\/index.php?rest_route=%2Fwp%2Fv2%2Fmedia&parent=527"}],"wp:term":[{"taxonomy":"category","embeddable":true,"href":"https:\/\/editions-sillage.fr\/index.php?rest_route=%2Fwp%2Fv2%2Fcategories&post=527"},{"taxonomy":"post_tag","embeddable":true,"href":"https:\/\/editions-sillage.fr\/index.php?rest_route=%2Fwp%2Fv2%2Ftags&post=527"}],"curies":[{"name":"wp","href":"https:\/\/api.w.org\/{rel}","templated":true}]}}