{"id":4090,"date":"2024-11-18T16:41:35","date_gmt":"2024-11-18T15:41:35","guid":{"rendered":"https:\/\/editions-sillage.fr\/?p=4090"},"modified":"2024-11-18T16:41:35","modified_gmt":"2024-11-18T15:41:35","slug":"selma-lagerlof-le-charretier-de-la-mort","status":"publish","type":"post","link":"https:\/\/editions-sillage.fr\/?p=4090","title":{"rendered":"Selma Lagerl\u00f6f, Le Charretier de la Mort"},"content":{"rendered":"<p><a href=\"https:\/\/editions-sillage.fr\/wp-content\/uploads\/2024\/11\/9782381410722_1.jpg\"><img loading=\"lazy\" decoding=\"async\" class=\"alignright size-medium wp-image-4091\" src=\"https:\/\/editions-sillage.fr\/wp-content\/uploads\/2024\/11\/9782381410722_1-210x300.jpg\" alt=\"\" width=\"210\" height=\"300\" srcset=\"https:\/\/editions-sillage.fr\/wp-content\/uploads\/2024\/11\/9782381410722_1-210x300.jpg 210w, https:\/\/editions-sillage.fr\/wp-content\/uploads\/2024\/11\/9782381410722_1-718x1024.jpg 718w, https:\/\/editions-sillage.fr\/wp-content\/uploads\/2024\/11\/9782381410722_1-150x214.jpg 150w, https:\/\/editions-sillage.fr\/wp-content\/uploads\/2024\/11\/9782381410722_1-105x150.jpg 105w, https:\/\/editions-sillage.fr\/wp-content\/uploads\/2024\/11\/9782381410722_1.jpg 750w\" sizes=\"auto, (max-width: 210px) 100vw, 210px\" \/><\/a>Durant la nuit qui pr\u00e9c\u00e8de le jour de l\u2019an, une petite s\u0153ur de l\u2019Arm\u00e9e du Salut agonise. Emport\u00e9e toute jeune par la tuberculose, elle n\u2019est agit\u00e9e que d\u2019un unique regret\u00a0: n\u2019avoir pu ramener sur le droit chemin David Holm, fort gaillard, ivrogne et mauvais sujet. Ni les menaces ni les pri\u00e8res n\u2019ont pu le d\u00e9tourner d\u2019une longue d\u00e9ch\u00e9ance volontaire, o\u00f9 il t\u00e2che d\u2019ailleurs d\u2019entra\u00eener avec lui femme et enfants.<\/p>\n<p>Quel lien myst\u00e9rieux peut unir la jeune femme au pire vaurien de la ville\u00a0? Parviendra-t-elle, au seuil de la mort, \u00e0 d\u00e9tourner le ch\u00e2timent terrible qui attend sans qu\u2019il s\u2019en doute cet homme d\u00e9voy\u00e9, malfaisant, s\u00fbr de sa force\u00a0?<\/p>\n<p>Selma Lagerl\u00f6f (1858-1940), grande \u00e9crivaine su\u00e9doise, militante f\u00e9ministe, premi\u00e8re femme \u00e0 recevoir le prix Nobel de litt\u00e9rature, fit para\u00eetre en 1912 <cite>Le Charretier de la Mort<\/cite>, conte de No\u00ebl fantastique qui reste l\u2019une de ses plus belles r\u00e9ussites.<\/p>\n","protected":false},"excerpt":{"rendered":"<p>Durant la nuit qui pr\u00e9c\u00e8de le jour de l\u2019an, une petite s\u0153ur de l\u2019Arm\u00e9e du Salut agonise. Emport\u00e9e toute jeune par la tuberculose, elle n\u2019est agit\u00e9e que d\u2019un unique regret\u00a0: n\u2019avoir pu ramener sur le droit chemin David Holm, fort gaillard, ivrogne et mauvais sujet. Ni les menaces ni les pri\u00e8res n\u2019ont pu le d\u00e9tourner [&hellip;]<\/p>\n","protected":false},"author":4,"featured_media":0,"comment_status":"closed","ping_status":"closed","sticky":false,"template":"","format":"standard","meta":{"footnotes":""},"categories":[185],"tags":[49],"class_list":["post-4090","post","type-post","status-publish","format-standard","hentry","category-lagerlof-selma","tag-europe-du-nord"],"_links":{"self":[{"href":"https:\/\/editions-sillage.fr\/index.php?rest_route=\/wp\/v2\/posts\/4090","targetHints":{"allow":["GET"]}}],"collection":[{"href":"https:\/\/editions-sillage.fr\/index.php?rest_route=\/wp\/v2\/posts"}],"about":[{"href":"https:\/\/editions-sillage.fr\/index.php?rest_route=\/wp\/v2\/types\/post"}],"author":[{"embeddable":true,"href":"https:\/\/editions-sillage.fr\/index.php?rest_route=\/wp\/v2\/users\/4"}],"replies":[{"embeddable":true,"href":"https:\/\/editions-sillage.fr\/index.php?rest_route=%2Fwp%2Fv2%2Fcomments&post=4090"}],"version-history":[{"count":1,"href":"https:\/\/editions-sillage.fr\/index.php?rest_route=\/wp\/v2\/posts\/4090\/revisions"}],"predecessor-version":[{"id":4092,"href":"https:\/\/editions-sillage.fr\/index.php?rest_route=\/wp\/v2\/posts\/4090\/revisions\/4092"}],"wp:attachment":[{"href":"https:\/\/editions-sillage.fr\/index.php?rest_route=%2Fwp%2Fv2%2Fmedia&parent=4090"}],"wp:term":[{"taxonomy":"category","embeddable":true,"href":"https:\/\/editions-sillage.fr\/index.php?rest_route=%2Fwp%2Fv2%2Fcategories&post=4090"},{"taxonomy":"post_tag","embeddable":true,"href":"https:\/\/editions-sillage.fr\/index.php?rest_route=%2Fwp%2Fv2%2Ftags&post=4090"}],"curies":[{"name":"wp","href":"https:\/\/api.w.org\/{rel}","templated":true}]}}