{"id":4061,"date":"2024-06-14T18:36:51","date_gmt":"2024-06-14T16:36:51","guid":{"rendered":"https:\/\/editions-sillage.fr\/?p=4061"},"modified":"2024-06-14T18:36:51","modified_gmt":"2024-06-14T16:36:51","slug":"charles-ferdinand-ramuz-la-guerre-aux-papiers","status":"publish","type":"post","link":"https:\/\/editions-sillage.fr\/?p=4061","title":{"rendered":"Charles Ferdinand Ramuz, La Guerre aux papiers"},"content":{"rendered":"<p><a href=\"https:\/\/editions-sillage.fr\/wp-content\/uploads\/2024\/06\/9782381410647_1.jpg\"><img loading=\"lazy\" decoding=\"async\" class=\"alignright size-medium wp-image-4062\" src=\"https:\/\/editions-sillage.fr\/wp-content\/uploads\/2024\/06\/9782381410647_1-210x300.jpg\" alt=\"\" width=\"210\" height=\"300\" srcset=\"https:\/\/editions-sillage.fr\/wp-content\/uploads\/2024\/06\/9782381410647_1-210x300.jpg 210w, https:\/\/editions-sillage.fr\/wp-content\/uploads\/2024\/06\/9782381410647_1-718x1024.jpg 718w, https:\/\/editions-sillage.fr\/wp-content\/uploads\/2024\/06\/9782381410647_1-150x214.jpg 150w, https:\/\/editions-sillage.fr\/wp-content\/uploads\/2024\/06\/9782381410647_1-105x150.jpg 105w, https:\/\/editions-sillage.fr\/wp-content\/uploads\/2024\/06\/9782381410647_1.jpg 750w\" sizes=\"auto, (max-width: 210px) 100vw, 210px\" \/><\/a>En 1802, alors que la Suisse est dirig\u00e9e par une instable R\u00e9publique helv\u00e9tique n\u00e9e dans le sillage de la R\u00e9volution fran\u00e7aise, une rumeur se r\u00e9pand dans le Pays de Vaud\u00a0: les seigneurs d\u2019hier tenteraient de faire r\u00e9tablir leur droit \u00e0 lever la d\u00eeme, attest\u00e9 par leurs archives. Qu\u2019\u00e0 cela ne tienne\u00a0: dans tous les ch\u00e2teaux qui pars\u00e8ment les vall\u00e9es vaudoises, br\u00fblons les archives, et la d\u00eeme dispara\u00eetra pour de bon\u2026<\/p>\n<p>Ainsi d\u00e9bute, avec une circonspection et des atermoiements que seul le regard de Ramuz pouvait rendre \u00e0 la fois si dr\u00f4les et si touchants, la guerre aux papiers.<\/p>\n<p>Admir\u00e9 par des \u00e9crivains aussi divers que Stefan Zweig, Thomas Mann ou Paul Val\u00e9ry, Charles Ferdinand Ramuz (1878-1947) fut l\u2019un des plus grands \u00e9crivains suisses du xxe si\u00e8cle. La Guerre aux papiers est le dernier roman qu\u2019il publia.<\/p>\n","protected":false},"excerpt":{"rendered":"<p>En 1802, alors que la Suisse est dirig\u00e9e par une instable R\u00e9publique helv\u00e9tique n\u00e9e dans le sillage de la R\u00e9volution fran\u00e7aise, une rumeur se r\u00e9pand dans le Pays de Vaud\u00a0: les seigneurs d\u2019hier tenteraient de faire r\u00e9tablir leur droit \u00e0 lever la d\u00eeme, attest\u00e9 par leurs archives. Qu\u2019\u00e0 cela ne tienne\u00a0: dans tous les ch\u00e2teaux [&hellip;]<\/p>\n","protected":false},"author":4,"featured_media":0,"comment_status":"closed","ping_status":"closed","sticky":false,"template":"","format":"standard","meta":{"footnotes":""},"categories":[182],"tags":[9],"class_list":["post-4061","post","type-post","status-publish","format-standard","hentry","category-ramuz-charles-ferdinand","tag-domaine-francais"],"_links":{"self":[{"href":"https:\/\/editions-sillage.fr\/index.php?rest_route=\/wp\/v2\/posts\/4061","targetHints":{"allow":["GET"]}}],"collection":[{"href":"https:\/\/editions-sillage.fr\/index.php?rest_route=\/wp\/v2\/posts"}],"about":[{"href":"https:\/\/editions-sillage.fr\/index.php?rest_route=\/wp\/v2\/types\/post"}],"author":[{"embeddable":true,"href":"https:\/\/editions-sillage.fr\/index.php?rest_route=\/wp\/v2\/users\/4"}],"replies":[{"embeddable":true,"href":"https:\/\/editions-sillage.fr\/index.php?rest_route=%2Fwp%2Fv2%2Fcomments&post=4061"}],"version-history":[{"count":1,"href":"https:\/\/editions-sillage.fr\/index.php?rest_route=\/wp\/v2\/posts\/4061\/revisions"}],"predecessor-version":[{"id":4063,"href":"https:\/\/editions-sillage.fr\/index.php?rest_route=\/wp\/v2\/posts\/4061\/revisions\/4063"}],"wp:attachment":[{"href":"https:\/\/editions-sillage.fr\/index.php?rest_route=%2Fwp%2Fv2%2Fmedia&parent=4061"}],"wp:term":[{"taxonomy":"category","embeddable":true,"href":"https:\/\/editions-sillage.fr\/index.php?rest_route=%2Fwp%2Fv2%2Fcategories&post=4061"},{"taxonomy":"post_tag","embeddable":true,"href":"https:\/\/editions-sillage.fr\/index.php?rest_route=%2Fwp%2Fv2%2Ftags&post=4061"}],"curies":[{"name":"wp","href":"https:\/\/api.w.org\/{rel}","templated":true}]}}