{"id":4058,"date":"2024-06-14T18:26:04","date_gmt":"2024-06-14T16:26:04","guid":{"rendered":"https:\/\/editions-sillage.fr\/?p=4058"},"modified":"2024-06-14T18:26:04","modified_gmt":"2024-06-14T16:26:04","slug":"georges-darien-bas-les-coeurs","status":"publish","type":"post","link":"https:\/\/editions-sillage.fr\/?p=4058","title":{"rendered":"Georges Darien, Bas les c\u0153urs\u202f!"},"content":{"rendered":"<p><a href=\"https:\/\/editions-sillage.fr\/wp-content\/uploads\/2024\/06\/9782381410654_1.jpg\"><img loading=\"lazy\" decoding=\"async\" class=\"alignright size-medium wp-image-4059\" src=\"https:\/\/editions-sillage.fr\/wp-content\/uploads\/2024\/06\/9782381410654_1-210x300.jpg\" alt=\"\" width=\"210\" height=\"300\" srcset=\"https:\/\/editions-sillage.fr\/wp-content\/uploads\/2024\/06\/9782381410654_1-210x300.jpg 210w, https:\/\/editions-sillage.fr\/wp-content\/uploads\/2024\/06\/9782381410654_1-718x1024.jpg 718w, https:\/\/editions-sillage.fr\/wp-content\/uploads\/2024\/06\/9782381410654_1-150x214.jpg 150w, https:\/\/editions-sillage.fr\/wp-content\/uploads\/2024\/06\/9782381410654_1-105x150.jpg 105w, https:\/\/editions-sillage.fr\/wp-content\/uploads\/2024\/06\/9782381410654_1.jpg 750w\" sizes=\"auto, (max-width: 210px) 100vw, 210px\" \/><\/a>Le 19 juillet 1870, Jean, un gar\u00e7on de douze ans qui s\u2019ennuie dans la maison cossue de son p\u00e8re, \u00e0 Versailles, apprend la nouvelle de la d\u00e9claration de guerre\u00a0: Napol\u00e9on III attaque les Prussiens.<\/p>\n<p><em>Bas les c\u0153urs\u00a0!<\/em> est le r\u00e9cit de l\u2019ann\u00e9e qui va suivre\u00a0: la fi\u00e8vre patriotique des d\u00e9buts, la succession des d\u00e9faites que la propagande tente de masquer comme elle peut, le d\u00e9sastre de Sedan, le si\u00e8ge de Paris par les troupes allemandes, l\u2019insurrection de la Commune et son \u00e9crasement\u2026 Jean observe, \u00e9coute, apprend, t\u00e9moin chaque jour moins innocent des forfanteries, des l\u00e2chet\u00e9s et des hypocrisies du milieu dans lequel il grandit.<\/p>\n<p>Dans ce roman r\u00e9dig\u00e9 en 1889 et nourri des souvenirs d\u2019enfance de son auteur, Darien fait le proc\u00e8s d\u2019un nationalisme qu\u2019il pressent revanchard, et de la cupidit\u00e9 f\u00e9roce et imb\u00e9cile d\u2019une bourgeoisie contre laquelle il lutta toute sa vie.<\/p>\n","protected":false},"excerpt":{"rendered":"<p>Le 19 juillet 1870, Jean, un gar\u00e7on de douze ans qui s\u2019ennuie dans la maison cossue de son p\u00e8re, \u00e0 Versailles, apprend la nouvelle de la d\u00e9claration de guerre\u00a0: Napol\u00e9on III attaque les Prussiens. Bas les c\u0153urs\u00a0! est le r\u00e9cit de l\u2019ann\u00e9e qui va suivre\u00a0: la fi\u00e8vre patriotique des d\u00e9buts, la succession des d\u00e9faites que [&hellip;]<\/p>\n","protected":false},"author":4,"featured_media":0,"comment_status":"closed","ping_status":"closed","sticky":false,"template":"","format":"standard","meta":{"footnotes":""},"categories":[29],"tags":[9],"class_list":["post-4058","post","type-post","status-publish","format-standard","hentry","category-darien-georges","tag-domaine-francais"],"_links":{"self":[{"href":"https:\/\/editions-sillage.fr\/index.php?rest_route=\/wp\/v2\/posts\/4058","targetHints":{"allow":["GET"]}}],"collection":[{"href":"https:\/\/editions-sillage.fr\/index.php?rest_route=\/wp\/v2\/posts"}],"about":[{"href":"https:\/\/editions-sillage.fr\/index.php?rest_route=\/wp\/v2\/types\/post"}],"author":[{"embeddable":true,"href":"https:\/\/editions-sillage.fr\/index.php?rest_route=\/wp\/v2\/users\/4"}],"replies":[{"embeddable":true,"href":"https:\/\/editions-sillage.fr\/index.php?rest_route=%2Fwp%2Fv2%2Fcomments&post=4058"}],"version-history":[{"count":1,"href":"https:\/\/editions-sillage.fr\/index.php?rest_route=\/wp\/v2\/posts\/4058\/revisions"}],"predecessor-version":[{"id":4060,"href":"https:\/\/editions-sillage.fr\/index.php?rest_route=\/wp\/v2\/posts\/4058\/revisions\/4060"}],"wp:attachment":[{"href":"https:\/\/editions-sillage.fr\/index.php?rest_route=%2Fwp%2Fv2%2Fmedia&parent=4058"}],"wp:term":[{"taxonomy":"category","embeddable":true,"href":"https:\/\/editions-sillage.fr\/index.php?rest_route=%2Fwp%2Fv2%2Fcategories&post=4058"},{"taxonomy":"post_tag","embeddable":true,"href":"https:\/\/editions-sillage.fr\/index.php?rest_route=%2Fwp%2Fv2%2Ftags&post=4058"}],"curies":[{"name":"wp","href":"https:\/\/api.w.org\/{rel}","templated":true}]}}