{"id":363,"date":"2016-08-09T14:20:40","date_gmt":"2016-08-09T12:20:40","guid":{"rendered":"http:\/\/editions-sillage.fr\/?p=363"},"modified":"2025-09-04T13:29:11","modified_gmt":"2025-09-04T11:29:11","slug":"9791091896047-le-bouquiniste-mendel-stefan-zweig","status":"publish","type":"post","link":"https:\/\/editions-sillage.fr\/?p=363","title":{"rendered":"Stefan Zweig, Le Bouquiniste Mendel"},"content":{"rendered":"<div class=\"textecourantjustif\">\n<p style=\"text-align: justify;\"><a href=\"https:\/\/editions-sillage.fr\/wp-content\/uploads\/2016\/08\/zweiggrand.jpg\"><img loading=\"lazy\" decoding=\"async\" class=\"alignright wp-image-273 size-medium\" src=\"https:\/\/editions-sillage.fr\/wp-content\/uploads\/2016\/08\/zweiggrand-205x300.jpg\" alt=\"zweig - bouquiniste mendel - sillage\" width=\"205\" height=\"300\" srcset=\"https:\/\/editions-sillage.fr\/wp-content\/uploads\/2016\/08\/zweiggrand-205x300.jpg 205w, https:\/\/editions-sillage.fr\/wp-content\/uploads\/2016\/08\/zweiggrand-102x150.jpg 102w, https:\/\/editions-sillage.fr\/wp-content\/uploads\/2016\/08\/zweiggrand.jpg 677w\" sizes=\"auto, (max-width: 205px) 100vw, 205px\" \/><\/a>Dans la Vienne du d\u00e9but du si\u00e8cle, il n\u2019est pas un bibliophile qui ne connaisse Jakob Mendel, catalogue vivant de l\u2019ensemble du savoir imprim\u00e9. Monomaniaque \u00e0 la m\u00e9moire prodigieuse, affreusement peu dou\u00e9 en affaires, il est afflig\u00e9 d\u2019une boulimie bibliographique qui fait de lui un homme pr\u00e9cieux. Perp\u00e9tuellement install\u00e9 \u00e0 la table d\u2019un caf\u00e9 du vieux Vienne dont il a fait son quartier g\u00e9n\u00e9ral, il d\u00e9livre ses expertises \u00e9rudites \u00e0 tous les amateurs ou sp\u00e9cialistes qui ont le bon sens de venir le consulter.<\/p>\n<p style=\"text-align: justify;\">La Premi\u00e8re Guerre mondiale va mettre sens dessus dessous l\u2019univers de Mendel, et le pr\u00e9cipiter brutalement dans le monde des vivants, dont il n\u2019a jamais rien appris\u2026<\/p>\n<\/div>\n","protected":false},"excerpt":{"rendered":"<p>Dans la Vienne du d\u00e9but du si\u00e8cle, il n\u2019est pas un bibliophile qui ne connaisse Jakob Mendel, catalogue vivant de l\u2019ensemble du savoir imprim\u00e9. Monomaniaque \u00e0 la m\u00e9moire prodigieuse, affreusement peu dou\u00e9 en affaires, il est afflig\u00e9 d\u2019une boulimie bibliographique qui fait de lui un homme pr\u00e9cieux. Perp\u00e9tuellement install\u00e9 \u00e0 la table d\u2019un caf\u00e9 du [&hellip;]<\/p>\n","protected":false},"author":1,"featured_media":0,"comment_status":"closed","ping_status":"closed","sticky":false,"template":"","format":"standard","meta":{"footnotes":""},"categories":[52],"tags":[16],"class_list":["post-363","post","type-post","status-publish","format-standard","hentry","category-zweig-stefan","tag-germanique"],"_links":{"self":[{"href":"https:\/\/editions-sillage.fr\/index.php?rest_route=\/wp\/v2\/posts\/363","targetHints":{"allow":["GET"]}}],"collection":[{"href":"https:\/\/editions-sillage.fr\/index.php?rest_route=\/wp\/v2\/posts"}],"about":[{"href":"https:\/\/editions-sillage.fr\/index.php?rest_route=\/wp\/v2\/types\/post"}],"author":[{"embeddable":true,"href":"https:\/\/editions-sillage.fr\/index.php?rest_route=\/wp\/v2\/users\/1"}],"replies":[{"embeddable":true,"href":"https:\/\/editions-sillage.fr\/index.php?rest_route=%2Fwp%2Fv2%2Fcomments&post=363"}],"version-history":[{"count":2,"href":"https:\/\/editions-sillage.fr\/index.php?rest_route=\/wp\/v2\/posts\/363\/revisions"}],"predecessor-version":[{"id":3046,"href":"https:\/\/editions-sillage.fr\/index.php?rest_route=\/wp\/v2\/posts\/363\/revisions\/3046"}],"wp:attachment":[{"href":"https:\/\/editions-sillage.fr\/index.php?rest_route=%2Fwp%2Fv2%2Fmedia&parent=363"}],"wp:term":[{"taxonomy":"category","embeddable":true,"href":"https:\/\/editions-sillage.fr\/index.php?rest_route=%2Fwp%2Fv2%2Fcategories&post=363"},{"taxonomy":"post_tag","embeddable":true,"href":"https:\/\/editions-sillage.fr\/index.php?rest_route=%2Fwp%2Fv2%2Ftags&post=363"}],"curies":[{"name":"wp","href":"https:\/\/api.w.org\/{rel}","templated":true}]}}