{"id":345,"date":"2016-08-09T13:53:48","date_gmt":"2016-08-09T11:53:48","guid":{"rendered":"http:\/\/editions-sillage.fr\/?p=345"},"modified":"2025-09-04T13:27:16","modified_gmt":"2025-09-04T11:27:16","slug":"9791091896115-jeunesse-sans-dieu-odon-von-horvath","status":"publish","type":"post","link":"https:\/\/editions-sillage.fr\/?p=345","title":{"rendered":"\u00d6d\u00f6n von Horv\u00e1th, Jeunesse sans Dieu"},"content":{"rendered":"<div class=\"textecourantjustif\">\n<p style=\"text-align: justify;\"><a href=\"https:\/\/editions-sillage.fr\/wp-content\/uploads\/2016\/08\/horvathgrand.jpg\"><img loading=\"lazy\" decoding=\"async\" class=\"alignright wp-image-265 size-medium\" src=\"https:\/\/editions-sillage.fr\/wp-content\/uploads\/2016\/08\/horvathgrand-204x300.jpg\" alt=\"odon von horvath - jeunesse sans dieu - sillage\" width=\"204\" height=\"300\" srcset=\"https:\/\/editions-sillage.fr\/wp-content\/uploads\/2016\/08\/horvathgrand-204x300.jpg 204w, https:\/\/editions-sillage.fr\/wp-content\/uploads\/2016\/08\/horvathgrand-768x1127.jpg 768w, https:\/\/editions-sillage.fr\/wp-content\/uploads\/2016\/08\/horvathgrand-698x1024.jpg 698w, https:\/\/editions-sillage.fr\/wp-content\/uploads\/2016\/08\/horvathgrand-102x150.jpg 102w, https:\/\/editions-sillage.fr\/wp-content\/uploads\/2016\/08\/horvathgrand-1000x1468.jpg 1000w\" sizes=\"auto, (max-width: 204px) 100vw, 204px\" \/><\/a>Dans une dictature inspir\u00e9e de l\u2019Allemagne des ann\u00e9es 1930, un jeune professeur doit affronter l\u2019endoctrinement et le fanatisme d\u2019une \u00e9crasante majorit\u00e9 de ses \u00e9l\u00e8ves. Peu \u00e0 peu, il cesse de r\u00e9sister \u00e0 l\u2019obligation qui lui est faite de pr\u00e9parer une g\u00e9n\u00e9ration \u00e0 la guerre. Dans un climat de violence, de haine, de n\u00e9gation de toute individualit\u00e9, l\u2019un de ses \u00e9l\u00e8ves est assassin\u00e9\u2026<\/p>\n<p style=\"text-align: justify;\"><i>Roman le plus c\u00e9l\u00e8bre d\u2019\u00d6d\u00f6n von Horv\u00e1th <\/i>(<i>1901-1938<\/i>)<i>, <\/i>Jeunesse sans Dieu <i>para\u00eet en 1938, alors que son auteur est en exil. Construite autour de la lutte contre la folie totalitaire du r\u00e9gime nazi, l\u2019\u0153uvre th\u00e9\u00e2trale et romanesque d\u2019\u00d6d\u00f6n von Horv\u00e1th reste l\u2019une des plus vivantes de la litt\u00e9rature allemande de l\u2019entre-deux-guerres.<\/i><\/p>\n<\/div>\n","protected":false},"excerpt":{"rendered":"<p>Dans une dictature inspir\u00e9e de l\u2019Allemagne des ann\u00e9es 1930, un jeune professeur doit affronter l\u2019endoctrinement et le fanatisme d\u2019une \u00e9crasante majorit\u00e9 de ses \u00e9l\u00e8ves. Peu \u00e0 peu, il cesse de r\u00e9sister \u00e0 l\u2019obligation qui lui est faite de pr\u00e9parer une g\u00e9n\u00e9ration \u00e0 la guerre. Dans un climat de violence, de haine, de n\u00e9gation de toute [&hellip;]<\/p>\n","protected":false},"author":1,"featured_media":0,"comment_status":"closed","ping_status":"closed","sticky":false,"template":"","format":"standard","meta":{"footnotes":""},"categories":[47],"tags":[16],"class_list":["post-345","post","type-post","status-publish","format-standard","hentry","category-horvath-odon-von","tag-germanique"],"_links":{"self":[{"href":"https:\/\/editions-sillage.fr\/index.php?rest_route=\/wp\/v2\/posts\/345","targetHints":{"allow":["GET"]}}],"collection":[{"href":"https:\/\/editions-sillage.fr\/index.php?rest_route=\/wp\/v2\/posts"}],"about":[{"href":"https:\/\/editions-sillage.fr\/index.php?rest_route=\/wp\/v2\/types\/post"}],"author":[{"embeddable":true,"href":"https:\/\/editions-sillage.fr\/index.php?rest_route=\/wp\/v2\/users\/1"}],"replies":[{"embeddable":true,"href":"https:\/\/editions-sillage.fr\/index.php?rest_route=%2Fwp%2Fv2%2Fcomments&post=345"}],"version-history":[{"count":2,"href":"https:\/\/editions-sillage.fr\/index.php?rest_route=\/wp\/v2\/posts\/345\/revisions"}],"predecessor-version":[{"id":3034,"href":"https:\/\/editions-sillage.fr\/index.php?rest_route=\/wp\/v2\/posts\/345\/revisions\/3034"}],"wp:attachment":[{"href":"https:\/\/editions-sillage.fr\/index.php?rest_route=%2Fwp%2Fv2%2Fmedia&parent=345"}],"wp:term":[{"taxonomy":"category","embeddable":true,"href":"https:\/\/editions-sillage.fr\/index.php?rest_route=%2Fwp%2Fv2%2Fcategories&post=345"},{"taxonomy":"post_tag","embeddable":true,"href":"https:\/\/editions-sillage.fr\/index.php?rest_route=%2Fwp%2Fv2%2Ftags&post=345"}],"curies":[{"name":"wp","href":"https:\/\/api.w.org\/{rel}","templated":true}]}}